{"id":2736,"date":"2024-08-22T09:43:37","date_gmt":"2024-08-22T07:43:37","guid":{"rendered":"https:\/\/iudproc.decalogoweb.com\/?p=2736"},"modified":"2024-08-26T09:47:08","modified_gmt":"2024-08-26T07:47:08","slug":"iudproc-anuncia-nueva-alianza-con-empresa-internacional-para-practicas-profesionales","status":"publish","type":"post","link":"https:\/\/iudproc.com.mx\/web\/iudproc-anuncia-nueva-alianza-con-empresa-internacional-para-practicas-profesionales\/","title":{"rendered":"IUDPROC anuncia nueva alianza con empresa internacional para pr\u00e1cticas profesionales"},"content":{"rendered":"\n<p>IUDPROC se enorgullece en anunciar una nueva alianza estrat\u00e9gica con GlobalTech, una empresa internacional l\u00edder en el sector de la tecnolog\u00eda. Esta colaboraci\u00f3n permitir\u00e1 a nuestros estudiantes de Administraci\u00f3n y Finanzas y Dise\u00f1o Multimedia acceder a valiosas oportunidades de pr\u00e1cticas profesionales en un entorno global.<\/p>\n\n\n\n<p>A trav\u00e9s de esta asociaci\u00f3n, los estudiantes tendr\u00e1n la posibilidad de trabajar en proyectos innovadores, enfrentarse a desaf\u00edos reales del sector y desarrollar habilidades pr\u00e1cticas que complementar\u00e1n su formaci\u00f3n acad\u00e9mica. GlobalTech proporcionar\u00e1 a los alumnos una experiencia inmersiva, facilitando su crecimiento profesional y prepar\u00e1ndolos para el competitivo mercado laboral.<\/p>\n\n\n\n<p>La alianza refleja el compromiso de IUDPROC de ofrecer una educaci\u00f3n de calidad, conectando a nuestros estudiantes con oportunidades que les permitan destacar en su carrera profesional.<\/p>\n","protected":false},"excerpt":{"rendered":"<p>IUDPROC se enorgullece en anunciar una nueva alianza estrat\u00e9gica con GlobalTech, una empresa internacional l\u00edder en el sector de la tecnolog\u00eda. Esta colaboraci\u00f3n permitir\u00e1 a nuestros estudiantes de Administraci\u00f3n y Finanzas y Dise\u00f1o Multimedia acceder a valiosas oportunidades de pr\u00e1cticas profesionales en un entorno global. A trav\u00e9s de esta asociaci\u00f3n, los estudiantes tendr\u00e1n la posibilidad de trabajar en proyectos innovadores, enfrentarse a desaf\u00edos reales del sector y desarrollar habilidades pr\u00e1cticas que complementar\u00e1n su formaci\u00f3n acad\u00e9mica. GlobalTech proporcionar\u00e1 a los alumnos una experiencia inmersiva, facilitando su crecimiento profesional y prepar\u00e1ndolos para el competitivo mercado laboral. La alianza refleja el compromiso de IUDPROC de ofrecer una educaci\u00f3n de calidad, conectando a nuestros estudiantes con oportunidades que les permitan destacar en su carrera profesional.<\/p>\n","protected":false},"author":5,"featured_media":2737,"comment_status":"open","ping_status":"open","sticky":false,"template":"","format":"standard","meta":{"footnotes":""},"categories":[40],"tags":[],"class_list":["post-2736","post","type-post","status-publish","format-standard","has-post-thumbnail","hentry","category-noticias"],"yoast_head":"<!-- This site is optimized with the Yoast SEO plugin v25.5 - https:\/\/yoast.com\/wordpress\/plugins\/seo\/ -->\n<title>IUDPROC anuncia nueva alianza con empresa internacional para pr\u00e1cticas profesionales - Instituto Universitario de Desarrollo Profesional y Crecimiento<\/title>\n<meta name=\"robots\" content=\"index, follow, max-snippet:-1, max-image-preview:large, max-video-preview:-1\" \/>\n<link rel=\"canonical\" href=\"https:\/\/iudproc.com.mx\/web\/iudproc-anuncia-nueva-alianza-con-empresa-internacional-para-practicas-profesionales\/\" \/>\n<meta property=\"og:locale\" content=\"es_ES\" \/>\n<meta property=\"og:type\" content=\"article\" \/>\n<meta property=\"og:title\" content=\"IUDPROC anuncia nueva alianza con empresa internacional para pr\u00e1cticas profesionales - Instituto Universitario de Desarrollo Profesional y Crecimiento\" \/>\n<meta property=\"og:description\" content=\"IUDPROC se enorgullece en anunciar una nueva alianza estrat\u00e9gica con GlobalTech, una empresa internacional l\u00edder en el sector de la tecnolog\u00eda. Esta colaboraci\u00f3n permitir\u00e1 a nuestros estudiantes de Administraci\u00f3n y Finanzas y Dise\u00f1o Multimedia acceder a valiosas oportunidades de pr\u00e1cticas profesionales en un entorno global. A trav\u00e9s de esta asociaci\u00f3n, los estudiantes tendr\u00e1n la posibilidad de trabajar en proyectos innovadores, enfrentarse a desaf\u00edos reales del sector y desarrollar habilidades pr\u00e1cticas que complementar\u00e1n su formaci\u00f3n acad\u00e9mica. GlobalTech proporcionar\u00e1 a los alumnos una experiencia inmersiva, facilitando su crecimiento profesional y prepar\u00e1ndolos para el competitivo mercado laboral. La alianza refleja el compromiso de IUDPROC de ofrecer una educaci\u00f3n de calidad, conectando a nuestros estudiantes con oportunidades que les permitan destacar en su carrera profesional.\" \/>\n<meta property=\"og:url\" content=\"https:\/\/iudproc.com.mx\/web\/iudproc-anuncia-nueva-alianza-con-empresa-internacional-para-practicas-profesionales\/\" \/>\n<meta property=\"og:site_name\" content=\"Instituto Universitario de Desarrollo Profesional y Crecimiento\" \/>\n<meta property=\"article:publisher\" content=\"https:\/\/www.facebook.com\/iudproc.oficial\" \/>\n<meta property=\"article:published_time\" content=\"2024-08-22T07:43:37+00:00\" \/>\n<meta property=\"article:modified_time\" content=\"2024-08-26T07:47:08+00:00\" \/>\n<meta property=\"og:image\" content=\"https:\/\/iudproc.com.mx\/web\/wp-content\/uploads\/2024\/08\/pexels-expressivestanley-1454360.jpg\" \/>\n\t<meta property=\"og:image:width\" content=\"1280\" \/>\n\t<meta property=\"og:image:height\" content=\"853\" \/>\n\t<meta property=\"og:image:type\" content=\"image\/jpeg\" \/>\n<meta name=\"author\" content=\"admin admin\" \/>\n<meta name=\"twitter:card\" content=\"summary_large_image\" \/>\n<meta name=\"twitter:label1\" content=\"Escrito por\" \/>\n\t<meta name=\"twitter:data1\" content=\"admin admin\" \/>\n\t<meta name=\"twitter:label2\" content=\"Tiempo de lectura\" \/>\n\t<meta name=\"twitter:data2\" content=\"1 minuto\" \/>\n<script type=\"application\/ld+json\" class=\"yoast-schema-graph\">{\"@context\":\"https:\/\/schema.org\",\"@graph\":[{\"@type\":\"Article\",\"@id\":\"https:\/\/iudproc.com.mx\/web\/iudproc-anuncia-nueva-alianza-con-empresa-internacional-para-practicas-profesionales\/#article\",\"isPartOf\":{\"@id\":\"https:\/\/iudproc.com.mx\/web\/iudproc-anuncia-nueva-alianza-con-empresa-internacional-para-practicas-profesionales\/\"},\"author\":{\"name\":\"admin admin\",\"@id\":\"https:\/\/iudproc.com.mx\/web\/#\/schema\/person\/d0997c552daeb5e48b54112d8f5d869d\"},\"headline\":\"IUDPROC anuncia nueva alianza con empresa internacional para pr\u00e1cticas profesionales\",\"datePublished\":\"2024-08-22T07:43:37+00:00\",\"dateModified\":\"2024-08-26T07:47:08+00:00\",\"mainEntityOfPage\":{\"@id\":\"https:\/\/iudproc.com.mx\/web\/iudproc-anuncia-nueva-alianza-con-empresa-internacional-para-practicas-profesionales\/\"},\"wordCount\":149,\"commentCount\":0,\"publisher\":{\"@id\":\"https:\/\/iudproc.com.mx\/web\/#organization\"},\"image\":{\"@id\":\"https:\/\/iudproc.com.mx\/web\/iudproc-anuncia-nueva-alianza-con-empresa-internacional-para-practicas-profesionales\/#primaryimage\"},\"thumbnailUrl\":\"https:\/\/iudproc.com.mx\/web\/wp-content\/uploads\/2024\/08\/pexels-expressivestanley-1454360.jpg\",\"articleSection\":[\"Noticias\"],\"inLanguage\":\"es\",\"potentialAction\":[{\"@type\":\"CommentAction\",\"name\":\"Comment\",\"target\":[\"https:\/\/iudproc.com.mx\/web\/iudproc-anuncia-nueva-alianza-con-empresa-internacional-para-practicas-profesionales\/#respond\"]}]},{\"@type\":\"WebPage\",\"@id\":\"https:\/\/iudproc.com.mx\/web\/iudproc-anuncia-nueva-alianza-con-empresa-internacional-para-practicas-profesionales\/\",\"url\":\"https:\/\/iudproc.com.mx\/web\/iudproc-anuncia-nueva-alianza-con-empresa-internacional-para-practicas-profesionales\/\",\"name\":\"IUDPROC anuncia nueva alianza con empresa internacional para pr\u00e1cticas profesionales - Instituto Universitario de Desarrollo Profesional y Crecimiento\",\"isPartOf\":{\"@id\":\"https:\/\/iudproc.com.mx\/web\/#website\"},\"primaryImageOfPage\":{\"@id\":\"https:\/\/iudproc.com.mx\/web\/iudproc-anuncia-nueva-alianza-con-empresa-internacional-para-practicas-profesionales\/#primaryimage\"},\"image\":{\"@id\":\"https:\/\/iudproc.com.mx\/web\/iudproc-anuncia-nueva-alianza-con-empresa-internacional-para-practicas-profesionales\/#primaryimage\"},\"thumbnailUrl\":\"https:\/\/iudproc.com.mx\/web\/wp-content\/uploads\/2024\/08\/pexels-expressivestanley-1454360.jpg\",\"datePublished\":\"2024-08-22T07:43:37+00:00\",\"dateModified\":\"2024-08-26T07:47:08+00:00\",\"breadcrumb\":{\"@id\":\"https:\/\/iudproc.com.mx\/web\/iudproc-anuncia-nueva-alianza-con-empresa-internacional-para-practicas-profesionales\/#breadcrumb\"},\"inLanguage\":\"es\",\"potentialAction\":[{\"@type\":\"ReadAction\",\"target\":[\"https:\/\/iudproc.com.mx\/web\/iudproc-anuncia-nueva-alianza-con-empresa-internacional-para-practicas-profesionales\/\"]}]},{\"@type\":\"ImageObject\",\"inLanguage\":\"es\",\"@id\":\"https:\/\/iudproc.com.mx\/web\/iudproc-anuncia-nueva-alianza-con-empresa-internacional-para-practicas-profesionales\/#primaryimage\",\"url\":\"https:\/\/iudproc.com.mx\/web\/wp-content\/uploads\/2024\/08\/pexels-expressivestanley-1454360.jpg\",\"contentUrl\":\"https:\/\/iudproc.com.mx\/web\/wp-content\/uploads\/2024\/08\/pexels-expressivestanley-1454360.jpg\",\"width\":1280,\"height\":853},{\"@type\":\"BreadcrumbList\",\"@id\":\"https:\/\/iudproc.com.mx\/web\/iudproc-anuncia-nueva-alianza-con-empresa-internacional-para-practicas-profesionales\/#breadcrumb\",\"itemListElement\":[{\"@type\":\"ListItem\",\"position\":1,\"name\":\"Portada\",\"item\":\"https:\/\/iudproc.com.mx\/web\/\"},{\"@type\":\"ListItem\",\"position\":2,\"name\":\"IUDPROC anuncia nueva alianza con empresa internacional para pr\u00e1cticas profesionales\"}]},{\"@type\":\"WebSite\",\"@id\":\"https:\/\/iudproc.com.mx\/web\/#website\",\"url\":\"https:\/\/iudproc.com.mx\/web\/\",\"name\":\"Instituto Universitario de Desarrollo Profesional y Crecimiento\",\"description\":\"IUDPROC\",\"publisher\":{\"@id\":\"https:\/\/iudproc.com.mx\/web\/#organization\"},\"potentialAction\":[{\"@type\":\"SearchAction\",\"target\":{\"@type\":\"EntryPoint\",\"urlTemplate\":\"https:\/\/iudproc.com.mx\/web\/?s={search_term_string}\"},\"query-input\":{\"@type\":\"PropertyValueSpecification\",\"valueRequired\":true,\"valueName\":\"search_term_string\"}}],\"inLanguage\":\"es\"},{\"@type\":\"Organization\",\"@id\":\"https:\/\/iudproc.com.mx\/web\/#organization\",\"name\":\"Instituto Universitario de Desarrollo Profesional y Crecimiento\",\"url\":\"https:\/\/iudproc.com.mx\/web\/\",\"logo\":{\"@type\":\"ImageObject\",\"inLanguage\":\"es\",\"@id\":\"https:\/\/iudproc.com.mx\/web\/#\/schema\/logo\/image\/\",\"url\":\"https:\/\/iudproc.com.mx\/web\/wp-content\/uploads\/2025\/05\/logo-url.jpg\",\"contentUrl\":\"https:\/\/iudproc.com.mx\/web\/wp-content\/uploads\/2025\/05\/logo-url.jpg\",\"width\":1600,\"height\":597,\"caption\":\"Instituto Universitario de Desarrollo Profesional y Crecimiento\"},\"image\":{\"@id\":\"https:\/\/iudproc.com.mx\/web\/#\/schema\/logo\/image\/\"},\"sameAs\":[\"https:\/\/www.facebook.com\/iudproc.oficial\"]},{\"@type\":\"Person\",\"@id\":\"https:\/\/iudproc.com.mx\/web\/#\/schema\/person\/d0997c552daeb5e48b54112d8f5d869d\",\"name\":\"admin admin\",\"image\":{\"@type\":\"ImageObject\",\"inLanguage\":\"es\",\"@id\":\"https:\/\/iudproc.com.mx\/web\/#\/schema\/person\/image\/\",\"url\":\"https:\/\/secure.gravatar.com\/avatar\/3eccf47f2c37ac4c927020855049493bb3c4417cc98956e8ab42a5c403bee57b?s=96&d=mm&r=g\",\"contentUrl\":\"https:\/\/secure.gravatar.com\/avatar\/3eccf47f2c37ac4c927020855049493bb3c4417cc98956e8ab42a5c403bee57b?s=96&d=mm&r=g\",\"caption\":\"admin admin\"},\"url\":\"https:\/\/iudproc.com.mx\/web\/author\/admin2025\/\"}]}<\/script>\n<!-- \/ Yoast SEO plugin. -->","yoast_head_json":{"title":"IUDPROC anuncia nueva alianza con empresa internacional para pr\u00e1cticas profesionales - Instituto Universitario de Desarrollo Profesional y Crecimiento","robots":{"index":"index","follow":"follow","max-snippet":"max-snippet:-1","max-image-preview":"max-image-preview:large","max-video-preview":"max-video-preview:-1"},"canonical":"https:\/\/iudproc.com.mx\/web\/iudproc-anuncia-nueva-alianza-con-empresa-internacional-para-practicas-profesionales\/","og_locale":"es_ES","og_type":"article","og_title":"IUDPROC anuncia nueva alianza con empresa internacional para pr\u00e1cticas profesionales - Instituto Universitario de Desarrollo Profesional y Crecimiento","og_description":"IUDPROC se enorgullece en anunciar una nueva alianza estrat\u00e9gica con GlobalTech, una empresa internacional l\u00edder en el sector de la tecnolog\u00eda. Esta colaboraci\u00f3n permitir\u00e1 a nuestros estudiantes de Administraci\u00f3n y Finanzas y Dise\u00f1o Multimedia acceder a valiosas oportunidades de pr\u00e1cticas profesionales en un entorno global. A trav\u00e9s de esta asociaci\u00f3n, los estudiantes tendr\u00e1n la posibilidad de trabajar en proyectos innovadores, enfrentarse a desaf\u00edos reales del sector y desarrollar habilidades pr\u00e1cticas que complementar\u00e1n su formaci\u00f3n acad\u00e9mica. GlobalTech proporcionar\u00e1 a los alumnos una experiencia inmersiva, facilitando su crecimiento profesional y prepar\u00e1ndolos para el competitivo mercado laboral. La alianza refleja el compromiso de IUDPROC de ofrecer una educaci\u00f3n de calidad, conectando a nuestros estudiantes con oportunidades que les permitan destacar en su carrera profesional.","og_url":"https:\/\/iudproc.com.mx\/web\/iudproc-anuncia-nueva-alianza-con-empresa-internacional-para-practicas-profesionales\/","og_site_name":"Instituto Universitario de Desarrollo Profesional y Crecimiento","article_publisher":"https:\/\/www.facebook.com\/iudproc.oficial","article_published_time":"2024-08-22T07:43:37+00:00","article_modified_time":"2024-08-26T07:47:08+00:00","og_image":[{"width":1280,"height":853,"url":"https:\/\/iudproc.com.mx\/web\/wp-content\/uploads\/2024\/08\/pexels-expressivestanley-1454360.jpg","type":"image\/jpeg"}],"author":"admin admin","twitter_card":"summary_large_image","twitter_misc":{"Escrito por":"admin admin","Tiempo de lectura":"1 minuto"},"schema":{"@context":"https:\/\/schema.org","@graph":[{"@type":"Article","@id":"https:\/\/iudproc.com.mx\/web\/iudproc-anuncia-nueva-alianza-con-empresa-internacional-para-practicas-profesionales\/#article","isPartOf":{"@id":"https:\/\/iudproc.com.mx\/web\/iudproc-anuncia-nueva-alianza-con-empresa-internacional-para-practicas-profesionales\/"},"author":{"name":"admin admin","@id":"https:\/\/iudproc.com.mx\/web\/#\/schema\/person\/d0997c552daeb5e48b54112d8f5d869d"},"headline":"IUDPROC anuncia nueva alianza con empresa internacional para pr\u00e1cticas profesionales","datePublished":"2024-08-22T07:43:37+00:00","dateModified":"2024-08-26T07:47:08+00:00","mainEntityOfPage":{"@id":"https:\/\/iudproc.com.mx\/web\/iudproc-anuncia-nueva-alianza-con-empresa-internacional-para-practicas-profesionales\/"},"wordCount":149,"commentCount":0,"publisher":{"@id":"https:\/\/iudproc.com.mx\/web\/#organization"},"image":{"@id":"https:\/\/iudproc.com.mx\/web\/iudproc-anuncia-nueva-alianza-con-empresa-internacional-para-practicas-profesionales\/#primaryimage"},"thumbnailUrl":"https:\/\/iudproc.com.mx\/web\/wp-content\/uploads\/2024\/08\/pexels-expressivestanley-1454360.jpg","articleSection":["Noticias"],"inLanguage":"es","potentialAction":[{"@type":"CommentAction","name":"Comment","target":["https:\/\/iudproc.com.mx\/web\/iudproc-anuncia-nueva-alianza-con-empresa-internacional-para-practicas-profesionales\/#respond"]}]},{"@type":"WebPage","@id":"https:\/\/iudproc.com.mx\/web\/iudproc-anuncia-nueva-alianza-con-empresa-internacional-para-practicas-profesionales\/","url":"https:\/\/iudproc.com.mx\/web\/iudproc-anuncia-nueva-alianza-con-empresa-internacional-para-practicas-profesionales\/","name":"IUDPROC anuncia nueva alianza con empresa internacional para pr\u00e1cticas profesionales - Instituto Universitario de Desarrollo Profesional y Crecimiento","isPartOf":{"@id":"https:\/\/iudproc.com.mx\/web\/#website"},"primaryImageOfPage":{"@id":"https:\/\/iudproc.com.mx\/web\/iudproc-anuncia-nueva-alianza-con-empresa-internacional-para-practicas-profesionales\/#primaryimage"},"image":{"@id":"https:\/\/iudproc.com.mx\/web\/iudproc-anuncia-nueva-alianza-con-empresa-internacional-para-practicas-profesionales\/#primaryimage"},"thumbnailUrl":"https:\/\/iudproc.com.mx\/web\/wp-content\/uploads\/2024\/08\/pexels-expressivestanley-1454360.jpg","datePublished":"2024-08-22T07:43:37+00:00","dateModified":"2024-08-26T07:47:08+00:00","breadcrumb":{"@id":"https:\/\/iudproc.com.mx\/web\/iudproc-anuncia-nueva-alianza-con-empresa-internacional-para-practicas-profesionales\/#breadcrumb"},"inLanguage":"es","potentialAction":[{"@type":"ReadAction","target":["https:\/\/iudproc.com.mx\/web\/iudproc-anuncia-nueva-alianza-con-empresa-internacional-para-practicas-profesionales\/"]}]},{"@type":"ImageObject","inLanguage":"es","@id":"https:\/\/iudproc.com.mx\/web\/iudproc-anuncia-nueva-alianza-con-empresa-internacional-para-practicas-profesionales\/#primaryimage","url":"https:\/\/iudproc.com.mx\/web\/wp-content\/uploads\/2024\/08\/pexels-expressivestanley-1454360.jpg","contentUrl":"https:\/\/iudproc.com.mx\/web\/wp-content\/uploads\/2024\/08\/pexels-expressivestanley-1454360.jpg","width":1280,"height":853},{"@type":"BreadcrumbList","@id":"https:\/\/iudproc.com.mx\/web\/iudproc-anuncia-nueva-alianza-con-empresa-internacional-para-practicas-profesionales\/#breadcrumb","itemListElement":[{"@type":"ListItem","position":1,"name":"Portada","item":"https:\/\/iudproc.com.mx\/web\/"},{"@type":"ListItem","position":2,"name":"IUDPROC anuncia nueva alianza con empresa internacional para pr\u00e1cticas profesionales"}]},{"@type":"WebSite","@id":"https:\/\/iudproc.com.mx\/web\/#website","url":"https:\/\/iudproc.com.mx\/web\/","name":"Instituto Universitario de Desarrollo Profesional y Crecimiento","description":"IUDPROC","publisher":{"@id":"https:\/\/iudproc.com.mx\/web\/#organization"},"potentialAction":[{"@type":"SearchAction","target":{"@type":"EntryPoint","urlTemplate":"https:\/\/iudproc.com.mx\/web\/?s={search_term_string}"},"query-input":{"@type":"PropertyValueSpecification","valueRequired":true,"valueName":"search_term_string"}}],"inLanguage":"es"},{"@type":"Organization","@id":"https:\/\/iudproc.com.mx\/web\/#organization","name":"Instituto Universitario de Desarrollo Profesional y Crecimiento","url":"https:\/\/iudproc.com.mx\/web\/","logo":{"@type":"ImageObject","inLanguage":"es","@id":"https:\/\/iudproc.com.mx\/web\/#\/schema\/logo\/image\/","url":"https:\/\/iudproc.com.mx\/web\/wp-content\/uploads\/2025\/05\/logo-url.jpg","contentUrl":"https:\/\/iudproc.com.mx\/web\/wp-content\/uploads\/2025\/05\/logo-url.jpg","width":1600,"height":597,"caption":"Instituto Universitario de Desarrollo Profesional y Crecimiento"},"image":{"@id":"https:\/\/iudproc.com.mx\/web\/#\/schema\/logo\/image\/"},"sameAs":["https:\/\/www.facebook.com\/iudproc.oficial"]},{"@type":"Person","@id":"https:\/\/iudproc.com.mx\/web\/#\/schema\/person\/d0997c552daeb5e48b54112d8f5d869d","name":"admin admin","image":{"@type":"ImageObject","inLanguage":"es","@id":"https:\/\/iudproc.com.mx\/web\/#\/schema\/person\/image\/","url":"https:\/\/secure.gravatar.com\/avatar\/3eccf47f2c37ac4c927020855049493bb3c4417cc98956e8ab42a5c403bee57b?s=96&d=mm&r=g","contentUrl":"https:\/\/secure.gravatar.com\/avatar\/3eccf47f2c37ac4c927020855049493bb3c4417cc98956e8ab42a5c403bee57b?s=96&d=mm&r=g","caption":"admin admin"},"url":"https:\/\/iudproc.com.mx\/web\/author\/admin2025\/"}]}},"_links":{"self":[{"href":"https:\/\/iudproc.com.mx\/web\/wp-json\/wp\/v2\/posts\/2736","targetHints":{"allow":["GET"]}}],"collection":[{"href":"https:\/\/iudproc.com.mx\/web\/wp-json\/wp\/v2\/posts"}],"about":[{"href":"https:\/\/iudproc.com.mx\/web\/wp-json\/wp\/v2\/types\/post"}],"author":[{"embeddable":true,"href":"https:\/\/iudproc.com.mx\/web\/wp-json\/wp\/v2\/users\/5"}],"replies":[{"embeddable":true,"href":"https:\/\/iudproc.com.mx\/web\/wp-json\/wp\/v2\/comments?post=2736"}],"version-history":[{"count":1,"href":"https:\/\/iudproc.com.mx\/web\/wp-json\/wp\/v2\/posts\/2736\/revisions"}],"predecessor-version":[{"id":2738,"href":"https:\/\/iudproc.com.mx\/web\/wp-json\/wp\/v2\/posts\/2736\/revisions\/2738"}],"wp:featuredmedia":[{"embeddable":true,"href":"https:\/\/iudproc.com.mx\/web\/wp-json\/wp\/v2\/media\/2737"}],"wp:attachment":[{"href":"https:\/\/iudproc.com.mx\/web\/wp-json\/wp\/v2\/media?parent=2736"}],"wp:term":[{"taxonomy":"category","embeddable":true,"href":"https:\/\/iudproc.com.mx\/web\/wp-json\/wp\/v2\/categories?post=2736"},{"taxonomy":"post_tag","embeddable":true,"href":"https:\/\/iudproc.com.mx\/web\/wp-json\/wp\/v2\/tags?post=2736"}],"curies":[{"name":"wp","href":"https:\/\/api.w.org\/{rel}","templated":true}]}}